{"id":2792,"date":"2026-04-28T14:11:01","date_gmt":"2026-04-28T11:11:01","guid":{"rendered":"https:\/\/animaterra.org\/%ce%b7-%ce%ba%ce%b1%ce%bb%ce%b1%ce%bc%ce%ac%cf%84%ce%b1-%cf%80%ce%b5%cf%81%cf%80%ce%b1%cf%84%ce%ac-%cf%83%cf%84%ce%bf%cf%85%cf%82-%ce%b4%cf%81%cf%8c%ce%bc%ce%bf%cf%85%cf%82-%cf%84%ce%b7%cf%82-%ce%b2\/"},"modified":"2026-04-29T10:33:43","modified_gmt":"2026-04-29T07:33:43","slug":"kalamata-impressionnante-participation-du-public-a-la-nouvelle-initiative-de-parorganisme-routes-de-olivier","status":"publish","type":"post","link":"https:\/\/animaterra.org\/fr\/kalamata-impressionnante-participation-du-public-a-la-nouvelle-initiative-de-parorganisme-routes-de-olivier\/","title":{"rendered":"Kalamata se prom\u00e8ne sur les traces de son h\u00e9ritage industriel : impressionnanteparticipation du public \u00e0 la nouvelle initiative de parcours culturelpropos\u00e9e par l&#8217;organisme \u00ab Routes de l&#8217;Olivier \u00bb"},"content":{"rendered":"\n<div style=\"height:41px\" aria-hidden=\"true\" class=\"wp-block-spacer\"><\/div>\n\n\n\n<figure class=\"wp-block-gallery has-nested-images columns-default is-cropped wp-block-gallery-1 is-layout-flex wp-block-gallery-is-layout-flex\">\n<figure class=\"wp-block-image size-large\"><img loading=\"lazy\" decoding=\"async\" width=\"1920\" height=\"1440\" data-id=\"2787\" src=\"https:\/\/animaterra.org\/wp-content\/uploads\/\/5.A-1920x1440.jpg\" alt=\"\" class=\"wp-image-2787\" srcset=\"https:\/\/animaterra.org\/wp-content\/uploads\/5.A-1920x1440.jpg 1920w, https:\/\/animaterra.org\/wp-content\/uploads\/5.A-960x720.jpg 960w, https:\/\/animaterra.org\/wp-content\/uploads\/5.A-768x576.jpg 768w, https:\/\/animaterra.org\/wp-content\/uploads\/5.A-1536x1152.jpg 1536w, https:\/\/animaterra.org\/wp-content\/uploads\/5.A-2048x1536.jpg 2048w, https:\/\/animaterra.org\/wp-content\/uploads\/5.A-1320x990.jpg 1320w\" sizes=\"auto, (max-width: 1920px) 100vw, 1920px\" \/><\/figure>\n\n\n\n<figure class=\"wp-block-image size-large\"><img loading=\"lazy\" decoding=\"async\" width=\"1920\" height=\"1440\" data-id=\"2790\" src=\"https:\/\/animaterra.org\/wp-content\/uploads\/\/5.B-1920x1440.jpg\" alt=\"\" class=\"wp-image-2790\" srcset=\"https:\/\/animaterra.org\/wp-content\/uploads\/5.B-1920x1440.jpg 1920w, https:\/\/animaterra.org\/wp-content\/uploads\/5.B-960x720.jpg 960w, https:\/\/animaterra.org\/wp-content\/uploads\/5.B-768x576.jpg 768w, https:\/\/animaterra.org\/wp-content\/uploads\/5.B-1536x1152.jpg 1536w, https:\/\/animaterra.org\/wp-content\/uploads\/5.B-2048x1536.jpg 2048w, https:\/\/animaterra.org\/wp-content\/uploads\/5.B-1320x990.jpg 1320w\" sizes=\"auto, (max-width: 1920px) 100vw, 1920px\" \/><\/figure>\n<\/figure>\n\n\n\n<div style=\"height:41px\" aria-hidden=\"true\" class=\"wp-block-spacer\"><\/div>\n\n\n\n<p>C\u2019est devant un public nombreux et particuli\u00e8rement int\u00e9ress\u00e9 que s\u2019est tenu, le lundi 30 mars 2026, l\u2019\u00e9v\u00e9nement intitul\u00e9 <strong>\u00ab \u00c0 la d\u00e9couverte du patrimoine culturel industriel de ma r\u00e9gion \u00bb<\/strong>.<\/p>\n\n\n\n<p>Cet \u00e9v\u00e9nement, coorganis\u00e9 par l\u2019organisme culturel \u00ab Routes de l\u2019Olivier \u00bb et le Centre de formation pour l\u2019environnement et la durabilit\u00e9 de Kalamata, a rassembl\u00e9 un grand nombre de citoyens, de repr\u00e9sentants d\u2019organismes, d\u2019enseignants et de professionnels, confirmant que l\u2019identit\u00e9 industrielle de Kalamata constitue un atout vivant aux perspectives prometteuses.<\/p>\n\n\n\n<p>Le maire de Kalamata, M. A. Vasilopoulos, ainsi que des repr\u00e9sentants des collectivit\u00e9s locales et des institutions, ont prononc\u00e9 des allocutions soulignant l\u2019importance du lien entre l\u2019\u00e9ducation, l\u2019entrepreneuriat et le patrimoine culturel. Une attention particuli\u00e8re a \u00e9t\u00e9 accord\u00e9e \u00e0 la contribution de la communaut\u00e9 des entrepreneurs \u00e0 la formation de l\u2019identit\u00e9 historique de la ville.<\/p>\n\n\n\n<div style=\"height:41px\" aria-hidden=\"true\" class=\"wp-block-spacer\"><\/div>\n\n\n\n<p><strong>L\u2019itin\u00e9raire culturel comme outil de d\u00e9veloppement<\/strong><\/p>\n\n\n\n<p>La premi\u00e8re partie de l\u2019\u00e9v\u00e9nement a pr\u00e9sent\u00e9 le concept d\u2019itin\u00e9raire culturel comme un outil moderne de gestion culturelle et de d\u00e9veloppement durable. Comme cela a \u00e9t\u00e9 soulign\u00e9, les itin\u00e9raires culturels ne constituent pas simplement un inventaire de sites d\u2019int\u00e9r\u00eat, mais un \u00ab r\u00e9cit du lieu \u00bb complet qui relie le pass\u00e9 au pr\u00e9sent et cr\u00e9e des exp\u00e9riences pour le visiteur.<\/p>\n\n\n\n<p>Par ailleurs, il est apparu que le patrimoine culturel, mat\u00e9riel et immat\u00e9riel, n\u2019est pas seulement un \u00e9l\u00e9ment de m\u00e9moire, mais aussi un levier de d\u00e9veloppement \u00e9conomique et social, renfor\u00e7ant l\u2019identit\u00e9 locale et cr\u00e9ant de nouvelles opportunit\u00e9s pour le tourisme et l\u2019\u00e9ducation.<\/p>\n\n\n\n<div style=\"height:41px\" aria-hidden=\"true\" class=\"wp-block-spacer\"><\/div>\n\n\n\n<p><strong>L\u2019histoire industrielle de Kalamata en tant que \u00ab mus\u00e9e vivant \u00bb<\/strong><\/p>\n\n\n\n<p>L\u2019approche du patrimoine industriel comme \u00ab autre r\u00e9cit \u00bb de l\u2019histoire, qui met en avant la vie quotidienne, le travail et l\u2019\u00e9volution de l\u2019\u00e9conomie locale, a suscit\u00e9 un int\u00e9r\u00eat particulier.<\/p>\n\n\n\n<p>Le parcours culturel pr\u00e9sent\u00e9 comprend 23 points balis\u00e9s de la ville \u2014 y compris des industries qui n\u2019existent plus \u2014 transformant Kalamata en un \u00ab mus\u00e9e \u00e0 ciel ouvert \u00bb. Gr\u00e2ce \u00e0 une signalisation sp\u00e9cifique et \u00e0 des outils num\u00e9riques, le visiteur peut \u00ab voir \u00bb le pass\u00e9 l\u00e0 o\u00f9 il s\u2019est d\u00e9roul\u00e9 et en comprendre l\u2019importance.<\/p>\n\n\n\n<p>Cette approche renforce la m\u00e9moire collective, mobilise la communaut\u00e9 locale et ouvre de nouvelles perspectives pour la mise en valeur du patrimoine culturel.<\/p>\n\n\n\n<div style=\"height:41px\" aria-hidden=\"true\" class=\"wp-block-spacer\"><\/div>\n\n\n\n<p><strong>Outils num\u00e9riques et exp\u00e9rience immersive<\/strong><\/p>\n\n\n\n<p>La deuxi\u00e8me partie de l\u2019\u00e9v\u00e9nement a \u00e9t\u00e9 consacr\u00e9e \u00e0 la pr\u00e9sentation de la carte num\u00e9rique du parcours et \u00e0 l\u2019utilisation d\u2019outils modernes permettant une d\u00e9couverte interactive de l\u2019histoire de la ville.<\/p>\n\n\n\n<p>L\u2019activit\u00e9 immersive \u00ab chasse au tr\u00e9sor num\u00e9rique \u00bb a constitu\u00e9 un moment fort, au cours duquel les participants ont parcouru diff\u00e9rents endroits de la ville \u00e0 l\u2019aide d\u2019appareils mobiles et de codes QR. Cette activit\u00e9 a mis en \u00e9vidence la dynamique de la rencontre entre culture et technologie, en particulier pour la nouvelle g\u00e9n\u00e9ration.<\/p>\n\n\n\n<div style=\"height:41px\" aria-hidden=\"true\" class=\"wp-block-spacer\"><\/div>\n\n\n\n<p><strong>Un nouveau mod\u00e8le pour la ville et les communaut\u00e9s locales<\/strong><\/p>\n\n\n\n<p>Les participants ont unanimement constat\u00e9 que la mise en valeur organis\u00e9e du patrimoine culturel industriel peut constituer un outil complet de d\u00e9veloppement local.<\/p>\n\n\n\n<p>\u00c0 une \u00e9poque o\u00f9 les villes sont en qu\u00eate d\u2019identit\u00e9, Kalamata montre que son pass\u00e9 peut constituer son atout le plus puissant pour l\u2019avenir.<\/p>\n\n\n\n<div style=\"height:41px\" aria-hidden=\"true\" class=\"wp-block-spacer\"><\/div>\n\n\n\n<p><strong>Informations<\/strong><\/p>\n\n\n\n<p>La carte num\u00e9rique du parcours est disponible via le lien suivant : <a href=\"https:\/\/olivetreeroute.gr\/maps\/map-gr.html\">https:\/\/olivetreeroute.gr\/maps\/map-gr.html<\/a><\/p>\n\n\n\n<div style=\"height:41px\" aria-hidden=\"true\" class=\"wp-block-spacer\"><\/div>\n\n\n\n<p class=\"has-text-align-center\"><strong><br><\/strong><\/p>\n\n\n\n<p><br><br><\/p>\n\n\n\n<p><\/p>\n","protected":false},"excerpt":{"rendered":"<p>C\u2019est devant un public nombreux et particuli\u00e8rement int\u00e9ress\u00e9 que s\u2019est tenu, le lundi 30 mars 2026, l\u2019\u00e9v\u00e9nement intitul\u00e9 \u00ab \u00c0 la d\u00e9couverte du patrimoine culturel industriel de ma r\u00e9gion \u00bb. Cet \u00e9v\u00e9nement, coorganis\u00e9 par l\u2019organisme culturel \u00ab Routes de l\u2019Olivier \u00bb et le Centre de formation pour l\u2019environnement et la durabilit\u00e9 de Kalamata, a rassembl\u00e9 [&hellip;]<\/p>\n","protected":false},"author":2,"featured_media":2036,"comment_status":"closed","ping_status":"closed","sticky":false,"template":"","format":"standard","meta":{"_seopress_robots_primary_cat":"none","_seopress_titles_title":"","_seopress_titles_desc":"","_seopress_robots_index":"","footnotes":""},"categories":[52],"tags":[],"hf_cat_post":[],"class_list":["post-2792","post","type-post","status-publish","format-standard","has-post-thumbnail","hentry","category-villages-fr"],"meta_box":[],"_links":{"self":[{"href":"https:\/\/animaterra.org\/fr\/wp-json\/wp\/v2\/posts\/2792","targetHints":{"allow":["GET"]}}],"collection":[{"href":"https:\/\/animaterra.org\/fr\/wp-json\/wp\/v2\/posts"}],"about":[{"href":"https:\/\/animaterra.org\/fr\/wp-json\/wp\/v2\/types\/post"}],"author":[{"embeddable":true,"href":"https:\/\/animaterra.org\/fr\/wp-json\/wp\/v2\/users\/2"}],"replies":[{"embeddable":true,"href":"https:\/\/animaterra.org\/fr\/wp-json\/wp\/v2\/comments?post=2792"}],"version-history":[{"count":3,"href":"https:\/\/animaterra.org\/fr\/wp-json\/wp\/v2\/posts\/2792\/revisions"}],"predecessor-version":[{"id":2817,"href":"https:\/\/animaterra.org\/fr\/wp-json\/wp\/v2\/posts\/2792\/revisions\/2817"}],"wp:featuredmedia":[{"embeddable":true,"href":"https:\/\/animaterra.org\/fr\/wp-json\/wp\/v2\/media\/2036"}],"wp:attachment":[{"href":"https:\/\/animaterra.org\/fr\/wp-json\/wp\/v2\/media?parent=2792"}],"wp:term":[{"taxonomy":"category","embeddable":true,"href":"https:\/\/animaterra.org\/fr\/wp-json\/wp\/v2\/categories?post=2792"},{"taxonomy":"post_tag","embeddable":true,"href":"https:\/\/animaterra.org\/fr\/wp-json\/wp\/v2\/tags?post=2792"},{"taxonomy":"hf_cat_post","embeddable":true,"href":"https:\/\/animaterra.org\/fr\/wp-json\/wp\/v2\/hf_cat_post?post=2792"}],"curies":[{"name":"wp","href":"https:\/\/api.w.org\/{rel}","templated":true}]}}