{"id":2765,"date":"2026-03-10T14:11:01","date_gmt":"2026-03-10T12:11:01","guid":{"rendered":"https:\/\/animaterra.org\/%ce%b7-%ce%bd%ce%ad%ce%b1-%ce%ba%ce%bf%ce%b9%ce%bd%ce%ae-%ce%b1%ce%b3%cf%81%ce%bf%cf%84%ce%b9%ce%ba%ce%ae-%cf%80%ce%bf%ce%bb%ce%b9%cf%84%ce%b9%ce%ba%ce%ae-%ce%ba%ce%b1%cf%80-2028-2034-%cf%80%cf%81\/"},"modified":"2026-04-29T09:23:12","modified_gmt":"2026-04-29T06:23:12","slug":"la-nouvelle-politique-agricole-commune-pac-2028-2034","status":"publish","type":"post","link":"https:\/\/animaterra.org\/fr\/la-nouvelle-politique-agricole-commune-pac-2028-2034\/","title":{"rendered":"La nouvelle Politique Agricole Commune (PAC 2028-2034) doit devenir l\u2019oxyg\u00e8ne des communaut\u00e9s rurales vivantes"},"content":{"rendered":"\n<div style=\"height:41px\" aria-hidden=\"true\" class=\"wp-block-spacer\"><\/div>\n\n\n\n<p class=\"has-text-align-center\">LETTRE OUVERTE de Giorgos Karabatos, directeur ex\u00e9cutif de la Fondation \u00ab Routes de l\u2019Olivier \u00bb, organisme coordinateur de l\u2019initiative ANIMA TERRA, et ancien pr\u00e9sident de la Chambre de commerce de Mess\u00e9nie (1998\u20132011)<\/p>\n\n\n\n<div style=\"height:41px\" aria-hidden=\"true\" class=\"wp-block-spacer\"><\/div>\n\n\n\n<figure class=\"wp-block-gallery has-nested-images columns-default is-cropped wp-block-gallery-1 is-layout-flex wp-block-gallery-is-layout-flex\">\n<figure class=\"wp-block-image size-full\"><img loading=\"lazy\" decoding=\"async\" width=\"1600\" height=\"1067\" data-id=\"2760\" src=\"https:\/\/animaterra.org\/wp-content\/uploads\/4.\u0391.jpg\" alt=\"\" class=\"wp-image-2760\" srcset=\"https:\/\/animaterra.org\/wp-content\/uploads\/4.\u0391.jpg 1600w, https:\/\/animaterra.org\/wp-content\/uploads\/4.\u0391-960x640.jpg 960w, https:\/\/animaterra.org\/wp-content\/uploads\/4.\u0391-768x512.jpg 768w, https:\/\/animaterra.org\/wp-content\/uploads\/4.\u0391-1536x1024.jpg 1536w, https:\/\/animaterra.org\/wp-content\/uploads\/4.\u0391-1320x880.jpg 1320w\" sizes=\"auto, (max-width: 1600px) 100vw, 1600px\" \/><\/figure>\n<\/figure>\n\n\n\n<div style=\"height:41px\" aria-hidden=\"true\" class=\"wp-block-spacer\"><\/div>\n\n\n\n<p class=\"has-text-align-center\"><strong>Pour les petits villages, le soutien \u00e0 la production ne suffit pas\u2014il faut une politique globale de vie, de maintien et de r\u00e9g\u00e9n\u00e9ration.<\/strong><br><\/p>\n\n\n\n<div style=\"height:41px\" aria-hidden=\"true\" class=\"wp-block-spacer\"><\/div>\n\n\n\n<p>L\u2019Europe ne peut pas parler de durabilit\u00e9, de coh\u00e9sion sociale et de r\u00e9silience d\u00e9mographique tout en laissant dispara\u00eetre silencieusement ses petits villages. Elle ne peut pas invoquer la transition \u00e9cologique alors que des centaines de communaut\u00e9s rurales, en particulier celles de moins de 500 habitants permanents, perdent leurs habitants, leurs services, leur base productive et, en fin de compte, leur avenir.<br><\/p>\n\n\n\n<div style=\"height:41px\" aria-hidden=\"true\" class=\"wp-block-spacer\"><\/div>\n\n\n\n<p>C\u2019est pourquoi la prochaine Politique agricole commune doit franchir une \u00e9tape d\u00e9cisive. Elle doit int\u00e9grer un pilier sp\u00e9cifique pour les petites communaut\u00e9s rurales de moins de 500 habitants. Une PAC non seulement pour la production, mais pour la survie et la r\u00e9g\u00e9n\u00e9ration globale du village. Une v\u00e9ritable PAC pour des communaut\u00e9s vivantes.<br><\/p>\n\n\n\n<p>Car un village ne se maintient pas vivant par le seul champ agricole. Il repose sur tout un tissu de vie : l\u2019agriculteur, mais aussi le caf\u00e9, la petite \u00e9picerie-taverne, la petite transformation locale, les ateliers, les nouvelles familles qui choisissent d\u2019y vivre, les itin\u00e9raires culturels, les f\u00eates, la m\u00e9moire collective et la pr\u00e9sence humaine. Le caf\u00e9 et l\u2019\u00e9picerie-taverne ne sont pas de simples commerces. Ce sont des infrastructures sociales. Ce sont des lieux de rencontre, d\u2019information, de coh\u00e9sion et de solidarit\u00e9 informelle. C\u2019est l\u00e0 que bat encore le c\u0153ur du village.<br><\/p>\n\n\n\n<div style=\"height:41px\" aria-hidden=\"true\" class=\"wp-block-spacer\"><\/div>\n\n\n\n<p>La nouvelle PAC doit donc garantir les conditions d\u2019un revenu juste et stable non seulement pour les producteurs, mais aussi pour ceux qui maintiennent ouverts ces espaces essentiels. Par ailleurs, elle ne peut pas traiter toutes les zones rurales de la m\u00eame mani\u00e8re. L\u2019agriculture m\u00e9canis\u00e9e des plaines est une chose ; les cultures manuelles des petites exploitations de montagne en sont une autre. Dans de nombreuses r\u00e9gions, terrasses, pentes, murets en pierre s\u00e8che et difficult\u00e9s d\u2019acc\u00e8s ne permettent ni machines lourdes ni mod\u00e8les productifs uniformes. L\u00e0, la production repose encore sur la main, l\u2019exp\u00e9rience et la connaissance du territoire. Ces formes de culture ne sont pas des vestiges du pass\u00e9. Elles sont des syst\u00e8mes pr\u00e9cieux de qualit\u00e9, de r\u00e9silience et de protection des paysages.<br><\/p>\n\n\n\n<div style=\"height:41px\" aria-hidden=\"true\" class=\"wp-block-spacer\"><\/div>\n\n\n\n<div style=\"height:41px\" aria-hidden=\"true\" class=\"wp-block-spacer\"><\/div>\n\n\n\n<p>La nouvelle PAC doit \u00e9galement soutenir les cellules collectives de vie et de d\u00e9veloppement rural : groupes de producteurs, associations culturelles locales et groupes d\u2019action locale tels que ceux du r\u00e9seau ANIMA TERRA. Car sans organisation collective, il n\u2019y a pas de v\u00e9ritable revitalisation.<br><\/p>\n\n\n\n<div style=\"height:41px\" aria-hidden=\"true\" class=\"wp-block-spacer\"><\/div>\n\n\n\n<p>Cette nouvelle PAC doit rendre attractive l\u2019installation et le maintien des jeunes dans les zones rurales : jeunes agriculteurs, entreprises familiales, petites unit\u00e9s de transformation, artisans, artistes et autres professions cr\u00e9atives.<br><\/p>\n\n\n\n<div style=\"height:41px\" aria-hidden=\"true\" class=\"wp-block-spacer\"><\/div>\n\n\n\n<p>Cependant, les outils financiers ne suffisent pas. Une justice territoriale en mati\u00e8re d\u2019infrastructures est \u00e9galement n\u00e9cessaire. Les grands fournisseurs d\u2019\u00e9nergie et de t\u00e9l\u00e9communications, dans le cadre de leur responsabilit\u00e9 soci\u00e9tale, doivent offrir des retomb\u00e9es concr\u00e8tes aux petites communaut\u00e9s rurales. Ils doivent soutenir leur int\u00e9gration dans des communaut\u00e9s \u00e9nerg\u00e9tiques afin de r\u00e9duire les co\u00fbts pour les m\u00e9nages, les agriculteurs, les caf\u00e9s, les \u00e9piceries-tavernes et les petites entreprises. De m\u00eame, ils doivent garantir un internet tr\u00e8s rapide et fiable m\u00eame dans les villages les plus petits et les plus isol\u00e9s.<br><\/p>\n\n\n\n<div style=\"height:41px\" aria-hidden=\"true\" class=\"wp-block-spacer\"><\/div>\n\n\n\n<p>L\u2019internet rapide n\u2019est pas un luxe. C\u2019est une condition pour rester et pour revenir. C\u2019est une condition du travail \u00e0 distance, de nouvelles formes d\u2019entrepreneuriat, de l\u2019acc\u00e8s aux services et des applications de t\u00e9l\u00e9m\u00e9decine qui peuvent \u00eatre cruciales pour la qualit\u00e9 de vie.<br><\/p>\n\n\n\n<div style=\"height:41px\" aria-hidden=\"true\" class=\"wp-block-spacer\"><\/div>\n\n\n\n<p>Dans ce contexte plus large, il convient de souligner simplement que, dans certaines r\u00e9gions, se d\u00e9veloppent d\u00e9j\u00e0 \u2014 avec des moyens limit\u00e9s mais une forte volont\u00e9 locale \u2014 des coop\u00e9rations qui cherchent \u00e0 maintenir les communaut\u00e9s vivantes et \u00e0 relier la production locale \u00e0 la culture. C\u2019est dans cet esprit que s\u2019inscrit l\u2019initiative ANIMA TERRA, mise en \u0153uvre par les Routes de l\u2019Olivier sur une base volontaire, avec le monde consulaire, les communaut\u00e9s locales et les associations culturelles.<br><\/p>\n\n\n\n<div style=\"height:41px\" aria-hidden=\"true\" class=\"wp-block-spacer\"><\/div>\n\n\n\n<p>La v\u00e9rit\u00e9 est simple : sans jeunes, pas d\u2019avenir. Sans revenu \u00e9quitable, pas de maintien. Sans caf\u00e9 et \u00e9picerie-taverne, pas de communaut\u00e9. Sans culture, pas d\u2019identit\u00e9. Sans connectivit\u00e9, \u00e9nergie abordable et acc\u00e8s aux soins, pas de revitalisation rurale.<br><\/p>\n\n\n\n<div style=\"height:41px\" aria-hidden=\"true\" class=\"wp-block-spacer\"><\/div>\n\n\n\n<p class=\"has-text-align-center\"><strong>La nouvelle PAC doit devenir l\u2019oxyg\u00e8ne des communaut\u00e9s vivantes.<br><br><\/strong><\/p>\n\n\n\n<p><br><br><\/p>\n","protected":false},"excerpt":{"rendered":"<p>LETTRE OUVERTE de Giorgos Karabatos, directeur ex\u00e9cutif de la Fondation \u00ab Routes de l\u2019Olivier \u00bb, organisme coordinateur de l\u2019initiative ANIMA TERRA, et ancien pr\u00e9sident de la Chambre de commerce de Mess\u00e9nie (1998\u20132011) Pour les petits villages, le soutien \u00e0 la production ne suffit pas\u2014il faut une politique globale de vie, de maintien et de r\u00e9g\u00e9n\u00e9ration. [&hellip;]<\/p>\n","protected":false},"author":2,"featured_media":2036,"comment_status":"closed","ping_status":"closed","sticky":false,"template":"","format":"standard","meta":{"_seopress_robots_primary_cat":"none","_seopress_titles_title":"","_seopress_titles_desc":"","_seopress_robots_index":"","footnotes":""},"categories":[52],"tags":[],"hf_cat_post":[],"class_list":["post-2765","post","type-post","status-publish","format-standard","has-post-thumbnail","hentry","category-villages-fr"],"meta_box":[],"_links":{"self":[{"href":"https:\/\/animaterra.org\/fr\/wp-json\/wp\/v2\/posts\/2765","targetHints":{"allow":["GET"]}}],"collection":[{"href":"https:\/\/animaterra.org\/fr\/wp-json\/wp\/v2\/posts"}],"about":[{"href":"https:\/\/animaterra.org\/fr\/wp-json\/wp\/v2\/types\/post"}],"author":[{"embeddable":true,"href":"https:\/\/animaterra.org\/fr\/wp-json\/wp\/v2\/users\/2"}],"replies":[{"embeddable":true,"href":"https:\/\/animaterra.org\/fr\/wp-json\/wp\/v2\/comments?post=2765"}],"version-history":[{"count":3,"href":"https:\/\/animaterra.org\/fr\/wp-json\/wp\/v2\/posts\/2765\/revisions"}],"predecessor-version":[{"id":2779,"href":"https:\/\/animaterra.org\/fr\/wp-json\/wp\/v2\/posts\/2765\/revisions\/2779"}],"wp:featuredmedia":[{"embeddable":true,"href":"https:\/\/animaterra.org\/fr\/wp-json\/wp\/v2\/media\/2036"}],"wp:attachment":[{"href":"https:\/\/animaterra.org\/fr\/wp-json\/wp\/v2\/media?parent=2765"}],"wp:term":[{"taxonomy":"category","embeddable":true,"href":"https:\/\/animaterra.org\/fr\/wp-json\/wp\/v2\/categories?post=2765"},{"taxonomy":"post_tag","embeddable":true,"href":"https:\/\/animaterra.org\/fr\/wp-json\/wp\/v2\/tags?post=2765"},{"taxonomy":"hf_cat_post","embeddable":true,"href":"https:\/\/animaterra.org\/fr\/wp-json\/wp\/v2\/hf_cat_post?post=2765"}],"curies":[{"name":"wp","href":"https:\/\/api.w.org\/{rel}","templated":true}]}}