{"id":2747,"date":"2026-01-10T14:11:01","date_gmt":"2026-01-10T12:11:01","guid":{"rendered":"https:\/\/animaterra.org\/anima-terra-%ce%b4%cf%81%cf%8c%ce%bc%ce%bf%ce%b9-%cf%84%ce%b7%cf%82-%ce%b5%ce%bb%ce%b9%ce%ac%cf%82-%ce%bd%ce%ad%ce%b5%cf%82-%ce%ba%ce%bf%ce%b9%ce%bd%cf%8c%cf%84%ce%b7%cf%84%ce%b5%cf%82\/"},"modified":"2026-04-23T11:43:26","modified_gmt":"2026-04-23T08:43:26","slug":"anima-terra-routes-de-olivier-nouvelles-communautes-de-messenie","status":"publish","type":"post","link":"https:\/\/animaterra.org\/fr\/anima-terra-routes-de-olivier-nouvelles-communautes-de-messenie\/","title":{"rendered":"ANIMA TERRA \u2013 Routes de l&#8217;olivier : nouvelles communaut\u00e9sde Mess\u00e9nie rejoignent le r\u00e9seau"},"content":{"rendered":"\n<div style=\"height:41px\" aria-hidden=\"true\" class=\"wp-block-spacer\"><\/div>\n\n\n\n<figure class=\"wp-block-gallery has-nested-images columns-default is-cropped wp-block-gallery-1 is-layout-flex wp-block-gallery-is-layout-flex\">\n<figure class=\"wp-block-image size-full\"><img loading=\"lazy\" decoding=\"async\" width=\"600\" height=\"400\" data-id=\"2679\" src=\"https:\/\/animaterra.org\/wp-content\/uploads\/1.\u0391.jpg\" alt=\"\" class=\"wp-image-2679\"\/><\/figure>\n\n\n\n<figure class=\"wp-block-image size-full\"><img loading=\"lazy\" decoding=\"async\" width=\"600\" height=\"400\" data-id=\"2741\" src=\"https:\/\/animaterra.org\/wp-content\/uploads\/1.\u0392-2.jpg\" alt=\"\" class=\"wp-image-2741\"\/><\/figure>\n<\/figure>\n\n\n\n<div style=\"height:41px\" aria-hidden=\"true\" class=\"wp-block-spacer\"><\/div>\n\n\n\n<p class=\"has-text-align-left\">Des r\u00e9unions de travail d&#8217;une importance particuli\u00e8re concernant la viabilit\u00e9 des communaut\u00e9s de Mess\u00e9nie menac\u00e9es de d\u00e9sertification ont eu lieu le dimanche 15 f\u00e9vrier 2026 \u00e0 Diavolitsi, Zevgolatio et Desylla. Ces r\u00e9unions s&#8217;inscrivaient dans le cadre de l&#8217;initiative ANIMA TERRA de la fondation culturelle \u00ab Routes de l\u2019olivier \u00bb et la repr\u00e9sentation des trois communaut\u00e9s y \u00e9tait impressionnante.<\/p>\n\n\n\n<div style=\"height:41px\" aria-hidden=\"true\" class=\"wp-block-spacer\"><\/div>\n\n\n\n<p>Plus pr\u00e9cis\u00e9ment, la premi\u00e8re r\u00e9union de travail \u00e0 Diavolitsi a r\u00e9uni la Pr\u00e9sidente de la communaut\u00e9 locale de Diavolitsi, Mme Olga Bourani ; l\u2019\u00e9crivain et naturaliste M. Efthymios Alexopoulos (coop\u00e9rative sociale MY) ; Mme Antonia Katerina Xourafa ; la Pr\u00e9sidente de l\u2019Association des Parents et Tuteurs de Diavolitsi, Mme Ioanna Dimopoulou ; Mme Christina Boutri ; Mme Monika Pistoli ; et Mme Olympia Antonakopoulou.<\/p>\n\n\n\n<div style=\"height:41px\" aria-hidden=\"true\" class=\"wp-block-spacer\"><\/div>\n\n\n\n<p>La deuxi\u00e8me r\u00e9union de travail \u00e0 Zevgolatio a r\u00e9uni le Maire adjoint d\u2019Oichalia, M. Kostas Dimitrakopoulos ; la Vice-Pr\u00e9sidente de la communaut\u00e9 de Zevgolatio, Mme Panagiota Karabatou, directrice g\u00e9n\u00e9rale de la fabrique de pasteli de Zevgolatio EYMELIN ; M. Kyriakos Paraskevopoulos, propri\u00e9taire du caf\u00e9 embl\u00e9matique de la gare de Zevgolatio ; ainsi que l\u2019enseignant M. Panagiotis Tsotsos.<\/p>\n\n\n\n<div style=\"height:41px\" aria-hidden=\"true\" class=\"wp-block-spacer\"><\/div>\n\n\n\n<p>La troisi\u00e8me r\u00e9union de travail s\u2019est tenue dans la communaut\u00e9 de Desylla, avec la participation des membres du groupe local #AgapameDesylla et de l\u2019un des membres fondateurs de cette remarquable initiative, M. Marios Gkrogkos.<\/p>\n\n\n\n<div style=\"height:41px\" aria-hidden=\"true\" class=\"wp-block-spacer\"><\/div>\n\n\n\n<p>Les r\u00e9unions ont permis d\u2019aborder les objectifs de l\u2019initiative ANIMA TERRA, ainsi que les attentes et les besoins des trois communaut\u00e9s. Reli\u00e9es par la ligne ferroviaire qui les unissait autrefois et leur donnait vie, les discussions se sont articul\u00e9es autour de trois axes centraux :<br><br><\/p>\n\n\n\n<p>\u2022 Valorisation culturelle : Promotion de l\u2019histoire et des traditions des communaut\u00e9s aupr\u00e8s d\u2019un public international plus large.<br><br>\u2022 D\u00e9veloppement durable : Mise en valeur du patrimoine local dans le respect de l\u2019environnement et de la soci\u00e9t\u00e9.<br><br>\u2022 Mise en r\u00e9seau internationale : Cr\u00e9ation de canaux de communication avec d\u2019autres communaut\u00e9s m\u00e9diterran\u00e9ennes afin d\u2019\u00e9changer savoir-faire et bonnes pratiques.<\/p>\n\n\n\n<div style=\"height:41px\" aria-hidden=\"true\" class=\"wp-block-spacer\"><\/div>\n\n\n\n<p>Les repr\u00e9sentants des communaut\u00e9s ont exprim\u00e9 leur vif int\u00e9r\u00eat pour une collaboration avec un organisme de reconnaissance internationale tel que l\u2019organisation culturelle Les Routes de l\u2019Olivier, ainsi que pour leur int\u00e9gration au r\u00e9seau ANIMA TERRA, consid\u00e9rant cette d\u00e9marche comme une opportunit\u00e9 majeure de valorisation de leur communaut\u00e9 et de ses avantages comparatifs. Ils ont unanimement convenu d\u2019entamer imm\u00e9diatement la collaboration, soulignant que l\u2019engagement de personnes qui travaillent, coop\u00e8rent et partagent une vision commune d\u00e9montre qu\u2019il existe encore de l\u2019espoir pour que les villages et les zones rurales restent vivants et conservent la place qui leur revient dans le paysage culturel et social.<br><\/p>\n\n\n\n<div style=\"height:41px\" aria-hidden=\"true\" class=\"wp-block-spacer\"><\/div>\n\n\n\n<p>La volont\u00e9 de suivre un chemin commun se concr\u00e9tise par la signature d\u2019Accords de Coop\u00e9ration entre l\u2019organisation culturelle Les Routes de l\u2019Olivier \u2013 ANIMA TERRA et les trois communaut\u00e9s, posant ainsi les bases du renforcement de leur perspective durable \u00e0 travers de nouvelles actions et propositions en mati\u00e8re de tourisme culturel et d\u2019\u00e9cotourisme.<br><br><\/p>\n\n\n\n<div style=\"height:41px\" aria-hidden=\"true\" class=\"wp-block-spacer\"><\/div>\n\n\n\n<div style=\"height:41px\" aria-hidden=\"true\" class=\"wp-block-spacer\"><\/div>\n\n\n\n<div style=\"height:41px\" aria-hidden=\"true\" class=\"wp-block-spacer\"><\/div>\n","protected":false},"excerpt":{"rendered":"<p>Des r\u00e9unions de travail d&#8217;une importance particuli\u00e8re concernant la viabilit\u00e9 des communaut\u00e9s de Mess\u00e9nie menac\u00e9es de d\u00e9sertification ont eu lieu le dimanche 15 f\u00e9vrier 2026 \u00e0 Diavolitsi, Zevgolatio et Desylla. Ces r\u00e9unions s&#8217;inscrivaient dans le cadre de l&#8217;initiative ANIMA TERRA de la fondation culturelle \u00ab Routes de l\u2019olivier \u00bb et la repr\u00e9sentation des trois communaut\u00e9s [&hellip;]<\/p>\n","protected":false},"author":2,"featured_media":2036,"comment_status":"closed","ping_status":"closed","sticky":false,"template":"","format":"standard","meta":{"_seopress_robots_primary_cat":"none","_seopress_titles_title":"","_seopress_titles_desc":"","_seopress_robots_index":"","footnotes":""},"categories":[52],"tags":[],"hf_cat_post":[],"class_list":["post-2747","post","type-post","status-publish","format-standard","has-post-thumbnail","hentry","category-villages-fr"],"meta_box":[],"_links":{"self":[{"href":"https:\/\/animaterra.org\/fr\/wp-json\/wp\/v2\/posts\/2747","targetHints":{"allow":["GET"]}}],"collection":[{"href":"https:\/\/animaterra.org\/fr\/wp-json\/wp\/v2\/posts"}],"about":[{"href":"https:\/\/animaterra.org\/fr\/wp-json\/wp\/v2\/types\/post"}],"author":[{"embeddable":true,"href":"https:\/\/animaterra.org\/fr\/wp-json\/wp\/v2\/users\/2"}],"replies":[{"embeddable":true,"href":"https:\/\/animaterra.org\/fr\/wp-json\/wp\/v2\/comments?post=2747"}],"version-history":[{"count":2,"href":"https:\/\/animaterra.org\/fr\/wp-json\/wp\/v2\/posts\/2747\/revisions"}],"predecessor-version":[{"id":2753,"href":"https:\/\/animaterra.org\/fr\/wp-json\/wp\/v2\/posts\/2747\/revisions\/2753"}],"wp:featuredmedia":[{"embeddable":true,"href":"https:\/\/animaterra.org\/fr\/wp-json\/wp\/v2\/media\/2036"}],"wp:attachment":[{"href":"https:\/\/animaterra.org\/fr\/wp-json\/wp\/v2\/media?parent=2747"}],"wp:term":[{"taxonomy":"category","embeddable":true,"href":"https:\/\/animaterra.org\/fr\/wp-json\/wp\/v2\/categories?post=2747"},{"taxonomy":"post_tag","embeddable":true,"href":"https:\/\/animaterra.org\/fr\/wp-json\/wp\/v2\/tags?post=2747"},{"taxonomy":"hf_cat_post","embeddable":true,"href":"https:\/\/animaterra.org\/fr\/wp-json\/wp\/v2\/hf_cat_post?post=2747"}],"curies":[{"name":"wp","href":"https:\/\/api.w.org\/{rel}","templated":true}]}}